{"id":11191,"date":"2022-07-01T10:32:14","date_gmt":"2022-07-01T08:32:14","guid":{"rendered":"https:\/\/digitalyacht.es\/blog\/?p=11191"},"modified":"2022-07-01T10:32:14","modified_gmt":"2022-07-01T08:32:14","slug":"fundacion-digital-yacht","status":"publish","type":"post","link":"https:\/\/digitalyacht.es\/blog\/2022\/07\/01\/fundacion-digital-yacht\/","title":{"rendered":"Digital Yacht lanza la Fundaci\u00f3n Digital Yacht"},"content":{"rendered":"<p><img  loading=\"lazy\"  decoding=\"async\"  class=\"size-full wp-image-11193 aligncenter pk-lazyload\"  src=\"data:image\/png;base64,iVBORw0KGgoAAAANSUhEUgAAAAEAAAABAQMAAAAl21bKAAAAA1BMVEUAAP+KeNJXAAAAAXRSTlMAQObYZgAAAAlwSFlzAAAOxAAADsQBlSsOGwAAAApJREFUCNdjYAAAAAIAAeIhvDMAAAAASUVORK5CYII=\"  alt=\"digital yacht foundation\"  width=\"700\"  height=\"300\"  data-pk-sizes=\"auto\"  data-ls-sizes=\"auto, (max-width: 700px) 100vw, 700px\"  data-pk-src=\"https:\/\/digitalyacht.es\/blog\/wp-content\/uploads\/2022\/07\/email_digital_yacht_foundation_01.jpg\"  data-pk-srcset=\"https:\/\/digitalyacht.es\/blog\/wp-content\/uploads\/2022\/07\/email_digital_yacht_foundation_01.jpg 700w, https:\/\/digitalyacht.es\/blog\/wp-content\/uploads\/2022\/07\/email_digital_yacht_foundation_01-300x129.jpg 300w, https:\/\/digitalyacht.es\/blog\/wp-content\/uploads\/2022\/07\/email_digital_yacht_foundation_01-260x111.jpg 260w, https:\/\/digitalyacht.es\/blog\/wp-content\/uploads\/2022\/07\/email_digital_yacht_foundation_01-50x21.jpg 50w, https:\/\/digitalyacht.es\/blog\/wp-content\/uploads\/2022\/07\/email_digital_yacht_foundation_01-150x64.jpg 150w\" ><\/p>\n<p>Inspirados por nuestros clientes y por nuestra responsabilidad social como empresa, durante la pandemia decidimos crear la Fundaci\u00f3n Digital Yacht. Esta fundaci\u00f3n ben\u00e9fica tiene el objetivo de apoyar al sector mar\u00edtimo, especialmente a las causas medioambientales y educativas. Consideramos importante no\u00a0limitarnos a dise\u00f1ar, fabricar y comercializar productos, sino tambi\u00e9n pensar en c\u00f3mo podemos aportar nuestro granito de arena a la sociedad.<\/p>\n<p>Tras ponernos en contacto con diferentes organizaciones ben\u00e9ficas, nos hemos asociado con cinco de ellas. Esperamos que est\u00e9 de acuerdo en que estas organizaciones ben\u00e9ficas, sobre las que puede leer m\u00e1s abajo, son causas que valen la pena y que merecen nuestro compromiso y apoyo.<\/p>\n<p>&nbsp;<\/p>\n<h5 style=\"text-align: center;\"><strong>Sobre la fundaci\u00f3n<\/strong><\/h5>\n<p><img  loading=\"lazy\"  decoding=\"async\"  class=\"wp-image-11194 aligncenter pk-lazyload\"  src=\"data:image\/png;base64,iVBORw0KGgoAAAANSUhEUgAAAAEAAAABAQMAAAAl21bKAAAAA1BMVEUAAP+KeNJXAAAAAXRSTlMAQObYZgAAAAlwSFlzAAAOxAAADsQBlSsOGwAAAApJREFUCNdjYAAAAAIAAeIhvDMAAAAASUVORK5CYII=\"  alt=\"logo fundaci\u00f3n digital yacht\"  width=\"230\"  height=\"230\"  data-pk-sizes=\"auto\"  data-ls-sizes=\"auto, (max-width: 230px) 100vw, 230px\"  data-pk-src=\"https:\/\/digitalyacht.es\/blog\/wp-content\/uploads\/2022\/07\/LOGO-FOUNDATION.jpg\"  data-pk-srcset=\"https:\/\/digitalyacht.es\/blog\/wp-content\/uploads\/2022\/07\/LOGO-FOUNDATION.jpg 300w, https:\/\/digitalyacht.es\/blog\/wp-content\/uploads\/2022\/07\/LOGO-FOUNDATION-150x150.jpg 150w, https:\/\/digitalyacht.es\/blog\/wp-content\/uploads\/2022\/07\/LOGO-FOUNDATION-146x146.jpg 146w, https:\/\/digitalyacht.es\/blog\/wp-content\/uploads\/2022\/07\/LOGO-FOUNDATION-50x50.jpg 50w, https:\/\/digitalyacht.es\/blog\/wp-content\/uploads\/2022\/07\/LOGO-FOUNDATION-75x75.jpg 75w, https:\/\/digitalyacht.es\/blog\/wp-content\/uploads\/2022\/07\/LOGO-FOUNDATION-85x85.jpg 85w, https:\/\/digitalyacht.es\/blog\/wp-content\/uploads\/2022\/07\/LOGO-FOUNDATION-80x80.jpg 80w\" ><\/p>\n<p>Una fundaci\u00f3n puede ser una tarea tediosa, se dir\u00e1, pero consideramos que de las peque\u00f1as acciones que se obtienen grandes resultados. Por ello, en Digital Yacht hemos ideado algunas formas innovadoras de recaudar dinero. Por ejemplo, actualmente nos hemos asociado con Ocean Bottle: si compra una <a href=\"https:\/\/digitalyacht.co.uk\/product\/bottle\/\" target=\"_blank\" rel=\"noopener\">botella de acero inoxidable reciclado<\/a> por 40 euros, Digital Yacht donar\u00e1 esos 40 euros directamente a la Fundaci\u00f3n. Adem\u00e1s, cada Ocean Bottle comprada financia\u00a0tambi\u00e9n la recogida de 1.000 botellas en el oc\u00e9ano. \u00daltimamente hemos pedido a nuestros clientes que nos env\u00eden fotos de sus productos Digital Yacht ya instalados para ayudar a otros usuarios a visualizar c\u00f3mo pueden instalarlos. Si puede dedicar dos minutos a enviarnos una foto por correo electr\u00f3nico a <a href=\"mailto:photos@digitalyacht.co.uk\" target=\"_blank\" rel=\"noopener\">photos@digitalyacht.co.uk<\/a>, haremos una donaci\u00f3n a la Fundaci\u00f3n Digital Yacht en su nombre.<\/p>\n<p>En los pr\u00f3ximos salones n\u00e1uticos que se celebrar\u00e1n a finales de este a\u00f1o, ofreceremos a los clientes boletos y sortearemos emocionantes premios, \u00a1as\u00ed que le animamos a que venga y pruebe su suerte!<\/p>\n<p>&nbsp;<\/p>\n<h5 style=\"text-align: center;\">Organizaciones ben\u00e9ficas\u00a0 a las que apoyamos<\/h5>\n<p><img  loading=\"lazy\"  decoding=\"async\"  class=\"wp-image-11192 aligncenter pk-lazyload\"  src=\"data:image\/png;base64,iVBORw0KGgoAAAANSUhEUgAAAAEAAAABAQMAAAAl21bKAAAAA1BMVEUAAP+KeNJXAAAAAXRSTlMAQObYZgAAAAlwSFlzAAAOxAAADsQBlSsOGwAAAApJREFUCNdjYAAAAAIAAeIhvDMAAAAASUVORK5CYII=\"  alt=\"asociaciones fundaci\u00f3n Digital Yacht\"  width=\"599\"  height=\"313\"  data-pk-sizes=\"auto\"  data-ls-sizes=\"auto, (max-width: 599px) 100vw, 599px\"  data-pk-src=\"https:\/\/digitalyacht.es\/blog\/wp-content\/uploads\/2022\/07\/Charities-scaled.jpg\"  data-pk-srcset=\"https:\/\/digitalyacht.es\/blog\/wp-content\/uploads\/2022\/07\/Charities-scaled.jpg 1024w, https:\/\/digitalyacht.es\/blog\/wp-content\/uploads\/2022\/07\/Charities-scaled-300x157.jpg 300w, https:\/\/digitalyacht.es\/blog\/wp-content\/uploads\/2022\/07\/Charities-scaled-768x401.jpg 768w, https:\/\/digitalyacht.es\/blog\/wp-content\/uploads\/2022\/07\/Charities-scaled-260x136.jpg 260w, https:\/\/digitalyacht.es\/blog\/wp-content\/uploads\/2022\/07\/Charities-scaled-50x26.jpg 50w, https:\/\/digitalyacht.es\/blog\/wp-content\/uploads\/2022\/07\/Charities-scaled-144x75.jpg 144w\" ><\/p>\n<p>Y ahora, les presentaremos mas en detalle las organizaciones ben\u00e9ficas que hemos elegido:<\/p>\n<p>En primer lugar, <a href=\"https:\/\/digitalyacht.org\/digital-yacht-partnership-cirdan-sailing-trust\/\" target=\"_blank\" rel=\"noopener\">The Cirdan Sailing Trust<\/a>, una organizaci\u00f3n ben\u00e9fica \u00fanica que ofrece a 33.000 j\u00f3venes de todo el Reino Unido oportunidades de autodesarrollo, integraci\u00f3n y aprendizaje a trav\u00e9s del desaf\u00edo de la vida a bordo de sus grandes veleros.<\/p>\n<p>Tambi\u00e9n apoyamos a <a href=\"https:\/\/digitalyacht.org\/digital-yacht-to-support-the-ocean-cleanup\/\" target=\"_blank\" rel=\"noopener\">The Ocean Cleanup<\/a>, cuya ambiciosa misi\u00f3n es eliminar el 90% del pl\u00e1stico flotante de los oc\u00e9anos para 2040. <a href=\"https:\/\/digitalyacht.org\/digital-yacht-and-the-seafarers-charity\/\" target=\"_blank\" rel=\"noopener\">The Seafarers&#8217; Charity<\/a> concede subvenciones a organizaciones ben\u00e9ficas mar\u00edtimas y cambia la vida de muchas personas que trabajan en el mar y sus familias. <a href=\"https:\/\/digitalyacht.org\/digital-yacht-chats-vega-1892\/\" target=\"_blank\" rel=\"noopener\">Vega 1892<\/a> es una organizaci\u00f3n ben\u00e9fica que el fundador de Digital Yacht, Nick Heyes, admira desde hace tiempo; su misi\u00f3n es donar herramientas y suministros a comunidades de islas remotas al este de Indonesia y Timor Oriental. Por \u00faltimo, apoyamos igualmente a <a href=\"https:\/\/digitalyacht.org\/digital-yacht-to-support-1851-trust\/\" target=\"_blank\" rel=\"noopener\">1851 Trust<\/a>, una organizaci\u00f3n ben\u00e9fica que crea experiencias educativas para ni\u00f1os de 11 a 16 a\u00f1os y trabaja para capacitar a los j\u00f3venes en la ciencia y la tecnolog\u00eda de vanguardia.<\/p>\n<p>Nuestra intenci\u00f3n es asociarnos con una asociaci\u00f3n espa\u00f1ola en los pr\u00f3ximos meses, as\u00ed que permanezca atento para saber m\u00e1s.<\/p>\n<p>P\u00f3ngase en contacto con nosotros si tiene alg\u00fan comentario, pregunta o idea de recaudaci\u00f3n de fondos, y mientras tanto, \u00a1no dude en visitar la <a href=\"https:\/\/digitalyacht.org\/\" target=\"_blank\" rel=\"noopener\">Fundaci\u00f3n Digital Yacht<\/a>!<\/p>\n<p>&nbsp;<\/p>\n","protected":false},"excerpt":{"rendered":"Inspirados por nuestros clientes y por nuestra responsabilidad social como empresa, durante la pandemia decidimos crear la Fundaci\u00f3n&hellip;\n","protected":false},"author":3,"featured_media":11193,"comment_status":"open","ping_status":"open","sticky":false,"template":"","format":"standard","meta":{"iawp_total_views":0,"csco_singular_sidebar":"","csco_page_header_type":"","csco_appearance_masonry":"","csco_page_load_nextpost":"","csco_post_subtitle":"","csco_post_video_location":[],"csco_post_video_location_hash":"","csco_post_video_url":"","csco_post_video_bg_start_time":0,"csco_post_video_bg_end_time":0,"footnotes":""},"categories":[178],"tags":[506,505],"class_list":{"0":"post-11191","1":"post","2":"type-post","3":"status-publish","4":"format-standard","5":"has-post-thumbnail","7":"category-news","8":"tag-asociacion-benefica","9":"tag-fundacion-digital-yacht","10":"cs-entry","11":"cs-video-wrap"},"yoast_head":"<!-- This site is optimized with the Yoast SEO plugin v27.3 - https:\/\/yoast.com\/product\/yoast-seo-wordpress\/ -->\n<title>Digital Yacht lanza la Fundaci\u00f3n Digital Yacht - Digital Yacht Blog Espa\u00f1a<\/title>\n<meta name=\"description\" content=\"Durante la pandemia creamos la Fundaci\u00f3n Digital Yacht, cuyo objetivo de apoyar causas medioambientales y educativas del sector maritimo.\" \/>\n<meta name=\"robots\" content=\"index, follow, max-snippet:-1, max-image-preview:large, max-video-preview:-1\" \/>\n<link rel=\"canonical\" href=\"https:\/\/digitalyacht.es\/blog\/2022\/07\/01\/fundacion-digital-yacht\/\" \/>\n<meta property=\"og:locale\" content=\"es_ES\" \/>\n<meta property=\"og:type\" content=\"article\" \/>\n<meta property=\"og:title\" content=\"Digital Yacht lanza la Fundaci\u00f3n Digital Yacht - Digital Yacht Blog Espa\u00f1a\" \/>\n<meta property=\"og:description\" content=\"Durante la pandemia creamos la Fundaci\u00f3n Digital Yacht, cuyo objetivo de apoyar causas medioambientales y educativas del sector maritimo.\" \/>\n<meta property=\"og:url\" content=\"https:\/\/digitalyacht.es\/blog\/2022\/07\/01\/fundacion-digital-yacht\/\" \/>\n<meta property=\"og:site_name\" content=\"Digital Yacht Spanish Blog\" \/>\n<meta property=\"article:published_time\" content=\"2022-07-01T08:32:14+00:00\" \/>\n<meta property=\"og:image\" content=\"https:\/\/digitalyacht.es\/blog\/wp-content\/uploads\/2022\/07\/email_digital_yacht_foundation_01.jpg\" \/>\n\t<meta property=\"og:image:width\" content=\"700\" \/>\n\t<meta property=\"og:image:height\" content=\"300\" \/>\n\t<meta property=\"og:image:type\" content=\"image\/jpeg\" \/>\n<meta name=\"author\" content=\"Ga\u00eblle Rodriguez\" \/>\n<meta name=\"twitter:card\" content=\"summary_large_image\" \/>\n<meta name=\"twitter:label1\" content=\"Escrito por\" \/>\n\t<meta name=\"twitter:data1\" content=\"Ga\u00eblle Rodriguez\" \/>\n\t<meta name=\"twitter:label2\" content=\"Tiempo de lectura\" \/>\n\t<meta name=\"twitter:data2\" content=\"3 minutos\" \/>\n<script type=\"application\/ld+json\" class=\"yoast-schema-graph\">{\"@context\":\"https:\\\/\\\/schema.org\",\"@graph\":[{\"@type\":\"Article\",\"@id\":\"https:\\\/\\\/digitalyacht.es\\\/blog\\\/2022\\\/07\\\/01\\\/fundacion-digital-yacht\\\/#article\",\"isPartOf\":{\"@id\":\"https:\\\/\\\/digitalyacht.es\\\/blog\\\/2022\\\/07\\\/01\\\/fundacion-digital-yacht\\\/\"},\"author\":{\"name\":\"Ga\u00eblle Rodriguez\",\"@id\":\"https:\\\/\\\/digitalyacht.es\\\/blog\\\/#\\\/schema\\\/person\\\/5229cdcb87c8101d5b6423f9ac334637\"},\"headline\":\"Digital Yacht lanza la Fundaci\u00f3n Digital Yacht\",\"datePublished\":\"2022-07-01T08:32:14+00:00\",\"mainEntityOfPage\":{\"@id\":\"https:\\\/\\\/digitalyacht.es\\\/blog\\\/2022\\\/07\\\/01\\\/fundacion-digital-yacht\\\/\"},\"wordCount\":559,\"commentCount\":0,\"image\":{\"@id\":\"https:\\\/\\\/digitalyacht.es\\\/blog\\\/2022\\\/07\\\/01\\\/fundacion-digital-yacht\\\/#primaryimage\"},\"thumbnailUrl\":\"https:\\\/\\\/digitalyacht.es\\\/blog\\\/wp-content\\\/uploads\\\/2022\\\/07\\\/email_digital_yacht_foundation_01.jpg\",\"keywords\":[\"asociacion benefica\",\"Fundaci\u00f3n Digital Yacht\"],\"articleSection\":[\"Noticias\"],\"inLanguage\":\"es\",\"potentialAction\":[{\"@type\":\"CommentAction\",\"name\":\"Comment\",\"target\":[\"https:\\\/\\\/digitalyacht.es\\\/blog\\\/2022\\\/07\\\/01\\\/fundacion-digital-yacht\\\/#respond\"]}]},{\"@type\":\"WebPage\",\"@id\":\"https:\\\/\\\/digitalyacht.es\\\/blog\\\/2022\\\/07\\\/01\\\/fundacion-digital-yacht\\\/\",\"url\":\"https:\\\/\\\/digitalyacht.es\\\/blog\\\/2022\\\/07\\\/01\\\/fundacion-digital-yacht\\\/\",\"name\":\"Digital Yacht lanza la Fundaci\u00f3n Digital Yacht - Digital Yacht Blog Espa\u00f1a\",\"isPartOf\":{\"@id\":\"https:\\\/\\\/digitalyacht.es\\\/blog\\\/#website\"},\"primaryImageOfPage\":{\"@id\":\"https:\\\/\\\/digitalyacht.es\\\/blog\\\/2022\\\/07\\\/01\\\/fundacion-digital-yacht\\\/#primaryimage\"},\"image\":{\"@id\":\"https:\\\/\\\/digitalyacht.es\\\/blog\\\/2022\\\/07\\\/01\\\/fundacion-digital-yacht\\\/#primaryimage\"},\"thumbnailUrl\":\"https:\\\/\\\/digitalyacht.es\\\/blog\\\/wp-content\\\/uploads\\\/2022\\\/07\\\/email_digital_yacht_foundation_01.jpg\",\"datePublished\":\"2022-07-01T08:32:14+00:00\",\"author\":{\"@id\":\"https:\\\/\\\/digitalyacht.es\\\/blog\\\/#\\\/schema\\\/person\\\/5229cdcb87c8101d5b6423f9ac334637\"},\"description\":\"Durante la pandemia creamos la Fundaci\u00f3n Digital Yacht, cuyo objetivo de apoyar causas medioambientales y educativas del sector maritimo.\",\"breadcrumb\":{\"@id\":\"https:\\\/\\\/digitalyacht.es\\\/blog\\\/2022\\\/07\\\/01\\\/fundacion-digital-yacht\\\/#breadcrumb\"},\"inLanguage\":\"es\",\"potentialAction\":[{\"@type\":\"ReadAction\",\"target\":[\"https:\\\/\\\/digitalyacht.es\\\/blog\\\/2022\\\/07\\\/01\\\/fundacion-digital-yacht\\\/\"]}]},{\"@type\":\"ImageObject\",\"inLanguage\":\"es\",\"@id\":\"https:\\\/\\\/digitalyacht.es\\\/blog\\\/2022\\\/07\\\/01\\\/fundacion-digital-yacht\\\/#primaryimage\",\"url\":\"https:\\\/\\\/digitalyacht.es\\\/blog\\\/wp-content\\\/uploads\\\/2022\\\/07\\\/email_digital_yacht_foundation_01.jpg\",\"contentUrl\":\"https:\\\/\\\/digitalyacht.es\\\/blog\\\/wp-content\\\/uploads\\\/2022\\\/07\\\/email_digital_yacht_foundation_01.jpg\",\"width\":700,\"height\":300,\"caption\":\"digital yacht foundation\"},{\"@type\":\"BreadcrumbList\",\"@id\":\"https:\\\/\\\/digitalyacht.es\\\/blog\\\/2022\\\/07\\\/01\\\/fundacion-digital-yacht\\\/#breadcrumb\",\"itemListElement\":[{\"@type\":\"ListItem\",\"position\":1,\"name\":\"Home\",\"item\":\"https:\\\/\\\/digitalyacht.es\\\/blog\\\/\"},{\"@type\":\"ListItem\",\"position\":2,\"name\":\"Digital Yacht lanza la Fundaci\u00f3n Digital Yacht\"}]},{\"@type\":\"WebSite\",\"@id\":\"https:\\\/\\\/digitalyacht.es\\\/blog\\\/#website\",\"url\":\"https:\\\/\\\/digitalyacht.es\\\/blog\\\/\",\"name\":\"Digital Yacht Spanish Blog\",\"description\":\"\",\"potentialAction\":[{\"@type\":\"SearchAction\",\"target\":{\"@type\":\"EntryPoint\",\"urlTemplate\":\"https:\\\/\\\/digitalyacht.es\\\/blog\\\/?s={search_term_string}\"},\"query-input\":{\"@type\":\"PropertyValueSpecification\",\"valueRequired\":true,\"valueName\":\"search_term_string\"}}],\"inLanguage\":\"es\"},{\"@type\":\"Person\",\"@id\":\"https:\\\/\\\/digitalyacht.es\\\/blog\\\/#\\\/schema\\\/person\\\/5229cdcb87c8101d5b6423f9ac334637\",\"name\":\"Ga\u00eblle Rodriguez\",\"image\":{\"@type\":\"ImageObject\",\"inLanguage\":\"es\",\"@id\":\"https:\\\/\\\/secure.gravatar.com\\\/avatar\\\/2918dc7f53a2242b7bc0995fd5871a6ba4017cde7159a1588e2dc57042be73a2?s=96&d=mm&r=g\",\"url\":\"https:\\\/\\\/secure.gravatar.com\\\/avatar\\\/2918dc7f53a2242b7bc0995fd5871a6ba4017cde7159a1588e2dc57042be73a2?s=96&d=mm&r=g\",\"contentUrl\":\"https:\\\/\\\/secure.gravatar.com\\\/avatar\\\/2918dc7f53a2242b7bc0995fd5871a6ba4017cde7159a1588e2dc57042be73a2?s=96&d=mm&r=g\",\"caption\":\"Ga\u00eblle Rodriguez\"},\"url\":\"https:\\\/\\\/digitalyacht.es\\\/blog\\\/author\\\/gaelle-rodriguez\\\/\"}]}<\/script>\n<!-- \/ Yoast SEO plugin. -->","yoast_head_json":{"title":"Digital Yacht lanza la Fundaci\u00f3n Digital Yacht - Digital Yacht Blog Espa\u00f1a","description":"Durante la pandemia creamos la Fundaci\u00f3n Digital Yacht, cuyo objetivo de apoyar causas medioambientales y educativas del sector maritimo.","robots":{"index":"index","follow":"follow","max-snippet":"max-snippet:-1","max-image-preview":"max-image-preview:large","max-video-preview":"max-video-preview:-1"},"canonical":"https:\/\/digitalyacht.es\/blog\/2022\/07\/01\/fundacion-digital-yacht\/","og_locale":"es_ES","og_type":"article","og_title":"Digital Yacht lanza la Fundaci\u00f3n Digital Yacht - Digital Yacht Blog Espa\u00f1a","og_description":"Durante la pandemia creamos la Fundaci\u00f3n Digital Yacht, cuyo objetivo de apoyar causas medioambientales y educativas del sector maritimo.","og_url":"https:\/\/digitalyacht.es\/blog\/2022\/07\/01\/fundacion-digital-yacht\/","og_site_name":"Digital Yacht Spanish Blog","article_published_time":"2022-07-01T08:32:14+00:00","og_image":[{"width":700,"height":300,"url":"https:\/\/digitalyacht.es\/blog\/wp-content\/uploads\/2022\/07\/email_digital_yacht_foundation_01.jpg","type":"image\/jpeg"}],"author":"Ga\u00eblle Rodriguez","twitter_card":"summary_large_image","twitter_misc":{"Escrito por":"Ga\u00eblle Rodriguez","Tiempo de lectura":"3 minutos"},"schema":{"@context":"https:\/\/schema.org","@graph":[{"@type":"Article","@id":"https:\/\/digitalyacht.es\/blog\/2022\/07\/01\/fundacion-digital-yacht\/#article","isPartOf":{"@id":"https:\/\/digitalyacht.es\/blog\/2022\/07\/01\/fundacion-digital-yacht\/"},"author":{"name":"Ga\u00eblle Rodriguez","@id":"https:\/\/digitalyacht.es\/blog\/#\/schema\/person\/5229cdcb87c8101d5b6423f9ac334637"},"headline":"Digital Yacht lanza la Fundaci\u00f3n Digital Yacht","datePublished":"2022-07-01T08:32:14+00:00","mainEntityOfPage":{"@id":"https:\/\/digitalyacht.es\/blog\/2022\/07\/01\/fundacion-digital-yacht\/"},"wordCount":559,"commentCount":0,"image":{"@id":"https:\/\/digitalyacht.es\/blog\/2022\/07\/01\/fundacion-digital-yacht\/#primaryimage"},"thumbnailUrl":"https:\/\/digitalyacht.es\/blog\/wp-content\/uploads\/2022\/07\/email_digital_yacht_foundation_01.jpg","keywords":["asociacion benefica","Fundaci\u00f3n Digital Yacht"],"articleSection":["Noticias"],"inLanguage":"es","potentialAction":[{"@type":"CommentAction","name":"Comment","target":["https:\/\/digitalyacht.es\/blog\/2022\/07\/01\/fundacion-digital-yacht\/#respond"]}]},{"@type":"WebPage","@id":"https:\/\/digitalyacht.es\/blog\/2022\/07\/01\/fundacion-digital-yacht\/","url":"https:\/\/digitalyacht.es\/blog\/2022\/07\/01\/fundacion-digital-yacht\/","name":"Digital Yacht lanza la Fundaci\u00f3n Digital Yacht - Digital Yacht Blog Espa\u00f1a","isPartOf":{"@id":"https:\/\/digitalyacht.es\/blog\/#website"},"primaryImageOfPage":{"@id":"https:\/\/digitalyacht.es\/blog\/2022\/07\/01\/fundacion-digital-yacht\/#primaryimage"},"image":{"@id":"https:\/\/digitalyacht.es\/blog\/2022\/07\/01\/fundacion-digital-yacht\/#primaryimage"},"thumbnailUrl":"https:\/\/digitalyacht.es\/blog\/wp-content\/uploads\/2022\/07\/email_digital_yacht_foundation_01.jpg","datePublished":"2022-07-01T08:32:14+00:00","author":{"@id":"https:\/\/digitalyacht.es\/blog\/#\/schema\/person\/5229cdcb87c8101d5b6423f9ac334637"},"description":"Durante la pandemia creamos la Fundaci\u00f3n Digital Yacht, cuyo objetivo de apoyar causas medioambientales y educativas del sector maritimo.","breadcrumb":{"@id":"https:\/\/digitalyacht.es\/blog\/2022\/07\/01\/fundacion-digital-yacht\/#breadcrumb"},"inLanguage":"es","potentialAction":[{"@type":"ReadAction","target":["https:\/\/digitalyacht.es\/blog\/2022\/07\/01\/fundacion-digital-yacht\/"]}]},{"@type":"ImageObject","inLanguage":"es","@id":"https:\/\/digitalyacht.es\/blog\/2022\/07\/01\/fundacion-digital-yacht\/#primaryimage","url":"https:\/\/digitalyacht.es\/blog\/wp-content\/uploads\/2022\/07\/email_digital_yacht_foundation_01.jpg","contentUrl":"https:\/\/digitalyacht.es\/blog\/wp-content\/uploads\/2022\/07\/email_digital_yacht_foundation_01.jpg","width":700,"height":300,"caption":"digital yacht foundation"},{"@type":"BreadcrumbList","@id":"https:\/\/digitalyacht.es\/blog\/2022\/07\/01\/fundacion-digital-yacht\/#breadcrumb","itemListElement":[{"@type":"ListItem","position":1,"name":"Home","item":"https:\/\/digitalyacht.es\/blog\/"},{"@type":"ListItem","position":2,"name":"Digital Yacht lanza la Fundaci\u00f3n Digital Yacht"}]},{"@type":"WebSite","@id":"https:\/\/digitalyacht.es\/blog\/#website","url":"https:\/\/digitalyacht.es\/blog\/","name":"Digital Yacht Spanish Blog","description":"","potentialAction":[{"@type":"SearchAction","target":{"@type":"EntryPoint","urlTemplate":"https:\/\/digitalyacht.es\/blog\/?s={search_term_string}"},"query-input":{"@type":"PropertyValueSpecification","valueRequired":true,"valueName":"search_term_string"}}],"inLanguage":"es"},{"@type":"Person","@id":"https:\/\/digitalyacht.es\/blog\/#\/schema\/person\/5229cdcb87c8101d5b6423f9ac334637","name":"Ga\u00eblle Rodriguez","image":{"@type":"ImageObject","inLanguage":"es","@id":"https:\/\/secure.gravatar.com\/avatar\/2918dc7f53a2242b7bc0995fd5871a6ba4017cde7159a1588e2dc57042be73a2?s=96&d=mm&r=g","url":"https:\/\/secure.gravatar.com\/avatar\/2918dc7f53a2242b7bc0995fd5871a6ba4017cde7159a1588e2dc57042be73a2?s=96&d=mm&r=g","contentUrl":"https:\/\/secure.gravatar.com\/avatar\/2918dc7f53a2242b7bc0995fd5871a6ba4017cde7159a1588e2dc57042be73a2?s=96&d=mm&r=g","caption":"Ga\u00eblle Rodriguez"},"url":"https:\/\/digitalyacht.es\/blog\/author\/gaelle-rodriguez\/"}]}},"_links":{"self":[{"href":"https:\/\/digitalyacht.es\/blog\/wp-json\/wp\/v2\/posts\/11191","targetHints":{"allow":["GET"]}}],"collection":[{"href":"https:\/\/digitalyacht.es\/blog\/wp-json\/wp\/v2\/posts"}],"about":[{"href":"https:\/\/digitalyacht.es\/blog\/wp-json\/wp\/v2\/types\/post"}],"author":[{"embeddable":true,"href":"https:\/\/digitalyacht.es\/blog\/wp-json\/wp\/v2\/users\/3"}],"replies":[{"embeddable":true,"href":"https:\/\/digitalyacht.es\/blog\/wp-json\/wp\/v2\/comments?post=11191"}],"version-history":[{"count":4,"href":"https:\/\/digitalyacht.es\/blog\/wp-json\/wp\/v2\/posts\/11191\/revisions"}],"predecessor-version":[{"id":11198,"href":"https:\/\/digitalyacht.es\/blog\/wp-json\/wp\/v2\/posts\/11191\/revisions\/11198"}],"wp:featuredmedia":[{"embeddable":true,"href":"https:\/\/digitalyacht.es\/blog\/wp-json\/wp\/v2\/media\/11193"}],"wp:attachment":[{"href":"https:\/\/digitalyacht.es\/blog\/wp-json\/wp\/v2\/media?parent=11191"}],"wp:term":[{"taxonomy":"category","embeddable":true,"href":"https:\/\/digitalyacht.es\/blog\/wp-json\/wp\/v2\/categories?post=11191"},{"taxonomy":"post_tag","embeddable":true,"href":"https:\/\/digitalyacht.es\/blog\/wp-json\/wp\/v2\/tags?post=11191"}],"curies":[{"name":"wp","href":"https:\/\/api.w.org\/{rel}","templated":true}]}}