{"id":11529,"date":"2023-04-18T17:17:54","date_gmt":"2023-04-18T15:17:54","guid":{"rendered":"https:\/\/digitalyacht.es\/blog\/?p=11529"},"modified":"2023-04-18T17:21:57","modified_gmt":"2023-04-18T15:21:57","slug":"digital-yacht-pibs-2023","status":"publish","type":"post","link":"https:\/\/digitalyacht.es\/blog\/2023\/04\/18\/digital-yacht-pibs-2023\/","title":{"rendered":"Digital Yacht estar\u00e1 en la feria n\u00e1utica de Palma 2023"},"content":{"rendered":"<p><img  loading=\"lazy\"  decoding=\"async\"  class=\"wp-image-11530 aligncenter pk-lazyload\"  src=\"data:image\/png;base64,iVBORw0KGgoAAAANSUhEUgAAAAEAAAABAQMAAAAl21bKAAAAA1BMVEUAAP+KeNJXAAAAAXRSTlMAQObYZgAAAAlwSFlzAAAOxAAADsQBlSsOGwAAAApJREFUCNdjYAAAAAIAAeIhvDMAAAAASUVORK5CYII=\"  alt=\"palma boat show\"  width=\"629\"  height=\"330\"  data-pk-sizes=\"auto\"  data-ls-sizes=\"auto, (max-width: 629px) 100vw, 629px\"  data-pk-src=\"https:\/\/digitalyacht.es\/blog\/wp-content\/uploads\/2023\/04\/Palma_boat_show_2023_Esp.jpg\"  data-pk-srcset=\"https:\/\/digitalyacht.es\/blog\/wp-content\/uploads\/2023\/04\/Palma_boat_show_2023_Esp.jpg 1200w, https:\/\/digitalyacht.es\/blog\/wp-content\/uploads\/2023\/04\/Palma_boat_show_2023_Esp-300x158.jpg 300w, https:\/\/digitalyacht.es\/blog\/wp-content\/uploads\/2023\/04\/Palma_boat_show_2023_Esp-768x403.jpg 768w, https:\/\/digitalyacht.es\/blog\/wp-content\/uploads\/2023\/04\/Palma_boat_show_2023_Esp-1024x538.jpg 1024w, https:\/\/digitalyacht.es\/blog\/wp-content\/uploads\/2023\/04\/Palma_boat_show_2023_Esp-260x137.jpg 260w, https:\/\/digitalyacht.es\/blog\/wp-content\/uploads\/2023\/04\/Palma_boat_show_2023_Esp-50x26.jpg 50w, https:\/\/digitalyacht.es\/blog\/wp-content\/uploads\/2023\/04\/Palma_boat_show_2023_Esp-143x75.jpg 143w\" ><\/p>\n<p>\u00a1Volvemos a la feria Palma este 2023! Nos alegramos mucho de anunciar que Digital Yacht participar\u00e1 en el <strong>Palma International Boat Show<\/strong> del\u00a0\u00a0<strong>27 al 30 de abril de 2023<\/strong>.\u00a0Nuestro equipo estar\u00e1 all\u00ed presente para satisfacer todas vuestras necesidades y responder a todas vuestras dudas.<\/p>\n<p>Mientras esperamos el comienzo de la feria, os dejamos hojear\u00a0<a href=\"https:\/\/digitalyacht.es\/blog\/wp-content\/uploads\/2022\/04\/Catalogo-Digital-Yacht-2022-C-1.pdf\" target=\"_blank\" rel=\"noopener\">nuestro cat\u00e1logo aqu\u00ed mismo.<\/a><\/p>\n<p>&nbsp;<\/p>\n<h4 style=\"text-align: center;\"><strong>OFERTAS ABRIL 2023<\/strong><\/h4>\n<p><a href=\"https:\/\/digitalyacht.es\/categoria-producto\/sistemas-ais\/ais-transpondedores\/\"><img  loading=\"lazy\"  decoding=\"async\"  class=\"alignnone wp-image-11532 pk-lazyload\"  src=\"data:image\/png;base64,iVBORw0KGgoAAAANSUhEUgAAAAEAAAABAQMAAAAl21bKAAAAA1BMVEUAAP+KeNJXAAAAAXRSTlMAQObYZgAAAAlwSFlzAAAOxAAADsQBlSsOGwAAAApJREFUCNdjYAAAAAIAAeIhvDMAAAAASUVORK5CYII=\"  alt=\"antena vhf gratis con emisor ais\"  width=\"381\"  height=\"405\"  data-pk-sizes=\"auto\"  data-ls-sizes=\"auto, (max-width: 381px) 100vw, 381px\"  data-pk-src=\"https:\/\/digitalyacht.es\/blog\/wp-content\/uploads\/2023\/04\/AIT2500-GV30.jpg\"  data-pk-srcset=\"https:\/\/digitalyacht.es\/blog\/wp-content\/uploads\/2023\/04\/AIT2500-GV30.jpg 1000w, https:\/\/digitalyacht.es\/blog\/wp-content\/uploads\/2023\/04\/AIT2500-GV30-282x300.jpg 282w, https:\/\/digitalyacht.es\/blog\/wp-content\/uploads\/2023\/04\/AIT2500-GV30-768x816.jpg 768w, https:\/\/digitalyacht.es\/blog\/wp-content\/uploads\/2023\/04\/AIT2500-GV30-963x1024.jpg 963w, https:\/\/digitalyacht.es\/blog\/wp-content\/uploads\/2023\/04\/AIT2500-GV30-137x146.jpg 137w, https:\/\/digitalyacht.es\/blog\/wp-content\/uploads\/2023\/04\/AIT2500-GV30-47x50.jpg 47w, https:\/\/digitalyacht.es\/blog\/wp-content\/uploads\/2023\/04\/AIT2500-GV30-71x75.jpg 71w\" ><\/a> <a href=\"https:\/\/digitalyacht.es\/producto\/router-4g-alarmas\/\"><img  loading=\"lazy\"  decoding=\"async\"  class=\"alignnone wp-image-11533 pk-lazyload\"  src=\"data:image\/png;base64,iVBORw0KGgoAAAANSUhEUgAAAAEAAAABAQMAAAAl21bKAAAAA1BMVEUAAP+KeNJXAAAAAXRSTlMAQObYZgAAAAlwSFlzAAAOxAAADsQBlSsOGwAAAApJREFUCNdjYAAAAAIAAeIhvDMAAAAASUVORK5CYII=\"  alt=\"internet y monitorizacion para barco\"  width=\"381\"  height=\"405\"  data-pk-sizes=\"auto\"  data-ls-sizes=\"auto, (max-width: 381px) 100vw, 381px\"  data-pk-src=\"https:\/\/digitalyacht.es\/blog\/wp-content\/uploads\/2023\/04\/4Gxtream-navalert.jpg\"  data-pk-srcset=\"https:\/\/digitalyacht.es\/blog\/wp-content\/uploads\/2023\/04\/4Gxtream-navalert.jpg 1000w, https:\/\/digitalyacht.es\/blog\/wp-content\/uploads\/2023\/04\/4Gxtream-navalert-282x300.jpg 282w, https:\/\/digitalyacht.es\/blog\/wp-content\/uploads\/2023\/04\/4Gxtream-navalert-768x816.jpg 768w, https:\/\/digitalyacht.es\/blog\/wp-content\/uploads\/2023\/04\/4Gxtream-navalert-963x1024.jpg 963w, https:\/\/digitalyacht.es\/blog\/wp-content\/uploads\/2023\/04\/4Gxtream-navalert-137x146.jpg 137w, https:\/\/digitalyacht.es\/blog\/wp-content\/uploads\/2023\/04\/4Gxtream-navalert-47x50.jpg 47w, https:\/\/digitalyacht.es\/blog\/wp-content\/uploads\/2023\/04\/4Gxtream-navalert-71x75.jpg 71w\" ><\/a><\/p>\n<p>Del 10 al 30 de abril, por toda\u00a0compra\u00a0de un <a style=\"font-weight: bold;\" href=\"https:\/\/digitalyacht.es\/categoria-producto\/sistemas-ais\/ais-transpondedores\/\" target=\"_blank\" rel=\"noopener\">transpondedor AIS<\/a> recibir\u00e1s una <a style=\"font-weight: bold;\" href=\"https:\/\/digitalyacht.es\/producto\/gv30\/\" target=\"_blank\" rel=\"noopener\">antena combinada VHF y GPS gratis<\/a>, en los modelos\u00a0<a style=\"font-weight: bold;\" href=\"https:\/\/digitalyacht.es\/producto\/ait2000\/\" target=\"_blank\" rel=\"noopener\">AIT2000<\/a>,\u00a0<a style=\"font-weight: bold;\" href=\"https:\/\/digitalyacht.es\/producto\/ait2500\/\" target=\"_blank\" rel=\"noopener\">AIT2500<\/a>,\u00a0<a style=\"font-weight: bold;\" href=\"https:\/\/digitalyacht.es\/producto\/iaistx\/\" target=\"_blank\" rel=\"noopener\">iAISTX<\/a>\u00a0y\u00a0<a style=\"font-weight: bold;\" href=\"https:\/\/digitalyacht.es\/producto\/iaistx-plus\/\" target=\"_blank\" rel=\"noopener\">iAISTX+<\/a>.<\/p>\n<p>Pero eso no es todo, ofrecemos un\u00a0<strong>descuento de 200\u20ac <\/strong>en nuestro <strong>pack <a href=\"https:\/\/digitalyacht.es\/producto\/router-4g-alarmas\/\" target=\"_blank\" rel=\"noopener\">4G Xtream &amp; NAVAlert.<\/a>\u00a0<\/strong>Reg\u00e1late una conexi\u00f3n a Internet potente y fiable a bordo y un sistema de alarma y monitorizaci\u00f3n para una navegaci\u00f3n m\u00e1s segura al mejor precio.<\/p>\n<p>&nbsp;<\/p>\n<h4 style=\"text-align: center;\"><strong>NUESTRAS NOVEDADES<\/strong><\/h4>\n<p>Podr\u00e1s descubrir todas nuestras soluciones y nuestros \u00faltimos productos:<\/p>\n<ul>\n<li><a href=\"https:\/\/digitalyacht.es\/categoria-producto\/sistemas-ais\/ais-transpondedores\/\" target=\"_blank\" rel=\"noopener\">Tranpondedores AIS<\/a>: <span style=\"color: #000000;\">Emisores-receptores AIS para la navegaci\u00f3n con plotter, con tablet, con un software de navegaci\u00f3n&#8230;<\/span><\/li>\n<li><a href=\"https:\/\/digitalyacht.es\/categoria-producto\/interfaz\/conversores-nmea-wifi\/\" target=\"_blank\" rel=\"noopener\">Interfaces NMEA<\/a>: <span style=\"color: #000000;\">Nuestros productos para interconectar la electr\u00f3nica de tu barco entre si o con los \u00faltimos dispositivos m\u00f3viles.<\/span><\/li>\n<li><a href=\"https:\/\/digitalyacht.es\/producto\/4g-xtream\/\" target=\"_blank\" rel=\"noopener\">4G Xtream<\/a>: N<span style=\"color: #000000;\">ueva soluci\u00f3n para tener acceso a Internet a bordo. Dispone de un router WiFi, dos lectores de tarjetas SIM, un GPS integrado y una interfaz NMEA 2000.<\/span><\/li>\n<li><a href=\"https:\/\/digitalyacht.es\/categoria-producto\/soluciones\/\" target=\"_blank\" rel=\"noopener\">Soluciones Digital Yacht<\/a>:\u00a0<span style=\"color: #000000;\">Todas nuestras soluciones de navegaci\u00f3n, que incluyen el radar Furuno y el software de navegaci\u00f3n Timezero.<\/span><\/li>\n<\/ul>\n<p>\u00a1Os esperamos en el Moll Vell de Palma del 27 al 30 de abril!<\/p>\n<p>&nbsp;<\/p>\n","protected":false},"excerpt":{"rendered":"\u00a1Volvemos a la feria Palma este 2023! Nos alegramos mucho de anunciar que Digital Yacht participar\u00e1 en el&hellip;\n","protected":false},"author":3,"featured_media":11530,"comment_status":"open","ping_status":"open","sticky":false,"template":"","format":"standard","meta":{"iawp_total_views":11,"csco_singular_sidebar":"","csco_page_header_type":"","csco_appearance_masonry":"","csco_page_load_nextpost":"","csco_post_subtitle":"","csco_post_video_location":[],"csco_post_video_location_hash":"","csco_post_video_url":"","csco_post_video_bg_start_time":0,"csco_post_video_bg_end_time":0,"footnotes":""},"categories":[178],"tags":[],"class_list":{"0":"post-11529","1":"post","2":"type-post","3":"status-publish","4":"format-standard","5":"has-post-thumbnail","7":"category-news","8":"cs-entry","9":"cs-video-wrap"},"yoast_head":"<!-- This site is optimized with the Yoast SEO plugin v27.3 - https:\/\/yoast.com\/product\/yoast-seo-wordpress\/ -->\n<title>Digital Yacht en el Palma International Boat Show 2023 - Digital Yacht<\/title>\n<meta name=\"description\" content=\"Nos alegramos mucho de anunciar que Digital Yacht participar\u00e1 en el Palma International Boat Show del miercoles\u00a027\u00a0 al domingo 30 de abril de 2023.\" \/>\n<meta name=\"robots\" content=\"index, follow, max-snippet:-1, max-image-preview:large, max-video-preview:-1\" \/>\n<link rel=\"canonical\" href=\"https:\/\/digitalyacht.es\/blog\/2023\/04\/18\/digital-yacht-pibs-2023\/\" \/>\n<meta property=\"og:locale\" content=\"es_ES\" \/>\n<meta property=\"og:type\" content=\"article\" \/>\n<meta property=\"og:title\" content=\"Digital Yacht en el Palma International Boat Show 2023 - Digital Yacht\" \/>\n<meta property=\"og:description\" content=\"Nos alegramos mucho de anunciar que Digital Yacht participar\u00e1 en el Palma International Boat Show del miercoles\u00a027\u00a0 al domingo 30 de abril de 2023.\" \/>\n<meta property=\"og:url\" content=\"https:\/\/digitalyacht.es\/blog\/2023\/04\/18\/digital-yacht-pibs-2023\/\" \/>\n<meta property=\"og:site_name\" content=\"Digital Yacht Spanish Blog\" \/>\n<meta property=\"article:published_time\" content=\"2023-04-18T15:17:54+00:00\" \/>\n<meta property=\"article:modified_time\" content=\"2023-04-18T15:21:57+00:00\" \/>\n<meta property=\"og:image\" content=\"https:\/\/digitalyacht.es\/blog\/wp-content\/uploads\/2023\/04\/Palma_boat_show_2023_Esp.jpg\" \/>\n\t<meta property=\"og:image:width\" content=\"1200\" \/>\n\t<meta property=\"og:image:height\" content=\"630\" \/>\n\t<meta property=\"og:image:type\" content=\"image\/jpeg\" \/>\n<meta name=\"author\" content=\"Ga\u00eblle Rodriguez\" \/>\n<meta name=\"twitter:card\" content=\"summary_large_image\" \/>\n<meta name=\"twitter:label1\" content=\"Escrito por\" \/>\n\t<meta name=\"twitter:data1\" content=\"Ga\u00eblle Rodriguez\" \/>\n\t<meta name=\"twitter:label2\" content=\"Tiempo de lectura\" \/>\n\t<meta name=\"twitter:data2\" content=\"1 minuto\" \/>\n<script type=\"application\/ld+json\" class=\"yoast-schema-graph\">{\"@context\":\"https:\\\/\\\/schema.org\",\"@graph\":[{\"@type\":\"Article\",\"@id\":\"https:\\\/\\\/digitalyacht.es\\\/blog\\\/2023\\\/04\\\/18\\\/digital-yacht-pibs-2023\\\/#article\",\"isPartOf\":{\"@id\":\"https:\\\/\\\/digitalyacht.es\\\/blog\\\/2023\\\/04\\\/18\\\/digital-yacht-pibs-2023\\\/\"},\"author\":{\"name\":\"Ga\u00eblle Rodriguez\",\"@id\":\"https:\\\/\\\/digitalyacht.es\\\/blog\\\/#\\\/schema\\\/person\\\/5229cdcb87c8101d5b6423f9ac334637\"},\"headline\":\"Digital Yacht estar\u00e1 en la feria n\u00e1utica de Palma 2023\",\"datePublished\":\"2023-04-18T15:17:54+00:00\",\"dateModified\":\"2023-04-18T15:21:57+00:00\",\"mainEntityOfPage\":{\"@id\":\"https:\\\/\\\/digitalyacht.es\\\/blog\\\/2023\\\/04\\\/18\\\/digital-yacht-pibs-2023\\\/\"},\"wordCount\":259,\"commentCount\":0,\"image\":{\"@id\":\"https:\\\/\\\/digitalyacht.es\\\/blog\\\/2023\\\/04\\\/18\\\/digital-yacht-pibs-2023\\\/#primaryimage\"},\"thumbnailUrl\":\"https:\\\/\\\/digitalyacht.es\\\/blog\\\/wp-content\\\/uploads\\\/2023\\\/04\\\/Palma_boat_show_2023_Esp.jpg\",\"articleSection\":[\"Noticias\"],\"inLanguage\":\"es\",\"potentialAction\":[{\"@type\":\"CommentAction\",\"name\":\"Comment\",\"target\":[\"https:\\\/\\\/digitalyacht.es\\\/blog\\\/2023\\\/04\\\/18\\\/digital-yacht-pibs-2023\\\/#respond\"]}]},{\"@type\":\"WebPage\",\"@id\":\"https:\\\/\\\/digitalyacht.es\\\/blog\\\/2023\\\/04\\\/18\\\/digital-yacht-pibs-2023\\\/\",\"url\":\"https:\\\/\\\/digitalyacht.es\\\/blog\\\/2023\\\/04\\\/18\\\/digital-yacht-pibs-2023\\\/\",\"name\":\"Digital Yacht en el Palma International Boat Show 2023 - Digital Yacht\",\"isPartOf\":{\"@id\":\"https:\\\/\\\/digitalyacht.es\\\/blog\\\/#website\"},\"primaryImageOfPage\":{\"@id\":\"https:\\\/\\\/digitalyacht.es\\\/blog\\\/2023\\\/04\\\/18\\\/digital-yacht-pibs-2023\\\/#primaryimage\"},\"image\":{\"@id\":\"https:\\\/\\\/digitalyacht.es\\\/blog\\\/2023\\\/04\\\/18\\\/digital-yacht-pibs-2023\\\/#primaryimage\"},\"thumbnailUrl\":\"https:\\\/\\\/digitalyacht.es\\\/blog\\\/wp-content\\\/uploads\\\/2023\\\/04\\\/Palma_boat_show_2023_Esp.jpg\",\"datePublished\":\"2023-04-18T15:17:54+00:00\",\"dateModified\":\"2023-04-18T15:21:57+00:00\",\"author\":{\"@id\":\"https:\\\/\\\/digitalyacht.es\\\/blog\\\/#\\\/schema\\\/person\\\/5229cdcb87c8101d5b6423f9ac334637\"},\"description\":\"Nos alegramos mucho de anunciar que Digital Yacht participar\u00e1 en el Palma International Boat Show del miercoles\u00a027\u00a0 al domingo 30 de abril de 2023.\",\"breadcrumb\":{\"@id\":\"https:\\\/\\\/digitalyacht.es\\\/blog\\\/2023\\\/04\\\/18\\\/digital-yacht-pibs-2023\\\/#breadcrumb\"},\"inLanguage\":\"es\",\"potentialAction\":[{\"@type\":\"ReadAction\",\"target\":[\"https:\\\/\\\/digitalyacht.es\\\/blog\\\/2023\\\/04\\\/18\\\/digital-yacht-pibs-2023\\\/\"]}]},{\"@type\":\"ImageObject\",\"inLanguage\":\"es\",\"@id\":\"https:\\\/\\\/digitalyacht.es\\\/blog\\\/2023\\\/04\\\/18\\\/digital-yacht-pibs-2023\\\/#primaryimage\",\"url\":\"https:\\\/\\\/digitalyacht.es\\\/blog\\\/wp-content\\\/uploads\\\/2023\\\/04\\\/Palma_boat_show_2023_Esp.jpg\",\"contentUrl\":\"https:\\\/\\\/digitalyacht.es\\\/blog\\\/wp-content\\\/uploads\\\/2023\\\/04\\\/Palma_boat_show_2023_Esp.jpg\",\"width\":1200,\"height\":630,\"caption\":\"palma boat show\"},{\"@type\":\"BreadcrumbList\",\"@id\":\"https:\\\/\\\/digitalyacht.es\\\/blog\\\/2023\\\/04\\\/18\\\/digital-yacht-pibs-2023\\\/#breadcrumb\",\"itemListElement\":[{\"@type\":\"ListItem\",\"position\":1,\"name\":\"Home\",\"item\":\"https:\\\/\\\/digitalyacht.es\\\/blog\\\/\"},{\"@type\":\"ListItem\",\"position\":2,\"name\":\"Digital Yacht estar\u00e1 en la feria n\u00e1utica de Palma 2023\"}]},{\"@type\":\"WebSite\",\"@id\":\"https:\\\/\\\/digitalyacht.es\\\/blog\\\/#website\",\"url\":\"https:\\\/\\\/digitalyacht.es\\\/blog\\\/\",\"name\":\"Digital Yacht Spanish Blog\",\"description\":\"\",\"potentialAction\":[{\"@type\":\"SearchAction\",\"target\":{\"@type\":\"EntryPoint\",\"urlTemplate\":\"https:\\\/\\\/digitalyacht.es\\\/blog\\\/?s={search_term_string}\"},\"query-input\":{\"@type\":\"PropertyValueSpecification\",\"valueRequired\":true,\"valueName\":\"search_term_string\"}}],\"inLanguage\":\"es\"},{\"@type\":\"Person\",\"@id\":\"https:\\\/\\\/digitalyacht.es\\\/blog\\\/#\\\/schema\\\/person\\\/5229cdcb87c8101d5b6423f9ac334637\",\"name\":\"Ga\u00eblle Rodriguez\",\"image\":{\"@type\":\"ImageObject\",\"inLanguage\":\"es\",\"@id\":\"https:\\\/\\\/secure.gravatar.com\\\/avatar\\\/2918dc7f53a2242b7bc0995fd5871a6ba4017cde7159a1588e2dc57042be73a2?s=96&d=mm&r=g\",\"url\":\"https:\\\/\\\/secure.gravatar.com\\\/avatar\\\/2918dc7f53a2242b7bc0995fd5871a6ba4017cde7159a1588e2dc57042be73a2?s=96&d=mm&r=g\",\"contentUrl\":\"https:\\\/\\\/secure.gravatar.com\\\/avatar\\\/2918dc7f53a2242b7bc0995fd5871a6ba4017cde7159a1588e2dc57042be73a2?s=96&d=mm&r=g\",\"caption\":\"Ga\u00eblle Rodriguez\"},\"url\":\"https:\\\/\\\/digitalyacht.es\\\/blog\\\/author\\\/gaelle-rodriguez\\\/\"}]}<\/script>\n<!-- \/ Yoast SEO plugin. -->","yoast_head_json":{"title":"Digital Yacht en el Palma International Boat Show 2023 - Digital Yacht","description":"Nos alegramos mucho de anunciar que Digital Yacht participar\u00e1 en el Palma International Boat Show del miercoles\u00a027\u00a0 al domingo 30 de abril de 2023.","robots":{"index":"index","follow":"follow","max-snippet":"max-snippet:-1","max-image-preview":"max-image-preview:large","max-video-preview":"max-video-preview:-1"},"canonical":"https:\/\/digitalyacht.es\/blog\/2023\/04\/18\/digital-yacht-pibs-2023\/","og_locale":"es_ES","og_type":"article","og_title":"Digital Yacht en el Palma International Boat Show 2023 - Digital Yacht","og_description":"Nos alegramos mucho de anunciar que Digital Yacht participar\u00e1 en el Palma International Boat Show del miercoles\u00a027\u00a0 al domingo 30 de abril de 2023.","og_url":"https:\/\/digitalyacht.es\/blog\/2023\/04\/18\/digital-yacht-pibs-2023\/","og_site_name":"Digital Yacht Spanish Blog","article_published_time":"2023-04-18T15:17:54+00:00","article_modified_time":"2023-04-18T15:21:57+00:00","og_image":[{"width":1200,"height":630,"url":"https:\/\/digitalyacht.es\/blog\/wp-content\/uploads\/2023\/04\/Palma_boat_show_2023_Esp.jpg","type":"image\/jpeg"}],"author":"Ga\u00eblle Rodriguez","twitter_card":"summary_large_image","twitter_misc":{"Escrito por":"Ga\u00eblle Rodriguez","Tiempo de lectura":"1 minuto"},"schema":{"@context":"https:\/\/schema.org","@graph":[{"@type":"Article","@id":"https:\/\/digitalyacht.es\/blog\/2023\/04\/18\/digital-yacht-pibs-2023\/#article","isPartOf":{"@id":"https:\/\/digitalyacht.es\/blog\/2023\/04\/18\/digital-yacht-pibs-2023\/"},"author":{"name":"Ga\u00eblle Rodriguez","@id":"https:\/\/digitalyacht.es\/blog\/#\/schema\/person\/5229cdcb87c8101d5b6423f9ac334637"},"headline":"Digital Yacht estar\u00e1 en la feria n\u00e1utica de Palma 2023","datePublished":"2023-04-18T15:17:54+00:00","dateModified":"2023-04-18T15:21:57+00:00","mainEntityOfPage":{"@id":"https:\/\/digitalyacht.es\/blog\/2023\/04\/18\/digital-yacht-pibs-2023\/"},"wordCount":259,"commentCount":0,"image":{"@id":"https:\/\/digitalyacht.es\/blog\/2023\/04\/18\/digital-yacht-pibs-2023\/#primaryimage"},"thumbnailUrl":"https:\/\/digitalyacht.es\/blog\/wp-content\/uploads\/2023\/04\/Palma_boat_show_2023_Esp.jpg","articleSection":["Noticias"],"inLanguage":"es","potentialAction":[{"@type":"CommentAction","name":"Comment","target":["https:\/\/digitalyacht.es\/blog\/2023\/04\/18\/digital-yacht-pibs-2023\/#respond"]}]},{"@type":"WebPage","@id":"https:\/\/digitalyacht.es\/blog\/2023\/04\/18\/digital-yacht-pibs-2023\/","url":"https:\/\/digitalyacht.es\/blog\/2023\/04\/18\/digital-yacht-pibs-2023\/","name":"Digital Yacht en el Palma International Boat Show 2023 - Digital Yacht","isPartOf":{"@id":"https:\/\/digitalyacht.es\/blog\/#website"},"primaryImageOfPage":{"@id":"https:\/\/digitalyacht.es\/blog\/2023\/04\/18\/digital-yacht-pibs-2023\/#primaryimage"},"image":{"@id":"https:\/\/digitalyacht.es\/blog\/2023\/04\/18\/digital-yacht-pibs-2023\/#primaryimage"},"thumbnailUrl":"https:\/\/digitalyacht.es\/blog\/wp-content\/uploads\/2023\/04\/Palma_boat_show_2023_Esp.jpg","datePublished":"2023-04-18T15:17:54+00:00","dateModified":"2023-04-18T15:21:57+00:00","author":{"@id":"https:\/\/digitalyacht.es\/blog\/#\/schema\/person\/5229cdcb87c8101d5b6423f9ac334637"},"description":"Nos alegramos mucho de anunciar que Digital Yacht participar\u00e1 en el Palma International Boat Show del miercoles\u00a027\u00a0 al domingo 30 de abril de 2023.","breadcrumb":{"@id":"https:\/\/digitalyacht.es\/blog\/2023\/04\/18\/digital-yacht-pibs-2023\/#breadcrumb"},"inLanguage":"es","potentialAction":[{"@type":"ReadAction","target":["https:\/\/digitalyacht.es\/blog\/2023\/04\/18\/digital-yacht-pibs-2023\/"]}]},{"@type":"ImageObject","inLanguage":"es","@id":"https:\/\/digitalyacht.es\/blog\/2023\/04\/18\/digital-yacht-pibs-2023\/#primaryimage","url":"https:\/\/digitalyacht.es\/blog\/wp-content\/uploads\/2023\/04\/Palma_boat_show_2023_Esp.jpg","contentUrl":"https:\/\/digitalyacht.es\/blog\/wp-content\/uploads\/2023\/04\/Palma_boat_show_2023_Esp.jpg","width":1200,"height":630,"caption":"palma boat show"},{"@type":"BreadcrumbList","@id":"https:\/\/digitalyacht.es\/blog\/2023\/04\/18\/digital-yacht-pibs-2023\/#breadcrumb","itemListElement":[{"@type":"ListItem","position":1,"name":"Home","item":"https:\/\/digitalyacht.es\/blog\/"},{"@type":"ListItem","position":2,"name":"Digital Yacht estar\u00e1 en la feria n\u00e1utica de Palma 2023"}]},{"@type":"WebSite","@id":"https:\/\/digitalyacht.es\/blog\/#website","url":"https:\/\/digitalyacht.es\/blog\/","name":"Digital Yacht Spanish Blog","description":"","potentialAction":[{"@type":"SearchAction","target":{"@type":"EntryPoint","urlTemplate":"https:\/\/digitalyacht.es\/blog\/?s={search_term_string}"},"query-input":{"@type":"PropertyValueSpecification","valueRequired":true,"valueName":"search_term_string"}}],"inLanguage":"es"},{"@type":"Person","@id":"https:\/\/digitalyacht.es\/blog\/#\/schema\/person\/5229cdcb87c8101d5b6423f9ac334637","name":"Ga\u00eblle Rodriguez","image":{"@type":"ImageObject","inLanguage":"es","@id":"https:\/\/secure.gravatar.com\/avatar\/2918dc7f53a2242b7bc0995fd5871a6ba4017cde7159a1588e2dc57042be73a2?s=96&d=mm&r=g","url":"https:\/\/secure.gravatar.com\/avatar\/2918dc7f53a2242b7bc0995fd5871a6ba4017cde7159a1588e2dc57042be73a2?s=96&d=mm&r=g","contentUrl":"https:\/\/secure.gravatar.com\/avatar\/2918dc7f53a2242b7bc0995fd5871a6ba4017cde7159a1588e2dc57042be73a2?s=96&d=mm&r=g","caption":"Ga\u00eblle Rodriguez"},"url":"https:\/\/digitalyacht.es\/blog\/author\/gaelle-rodriguez\/"}]}},"_links":{"self":[{"href":"https:\/\/digitalyacht.es\/blog\/wp-json\/wp\/v2\/posts\/11529","targetHints":{"allow":["GET"]}}],"collection":[{"href":"https:\/\/digitalyacht.es\/blog\/wp-json\/wp\/v2\/posts"}],"about":[{"href":"https:\/\/digitalyacht.es\/blog\/wp-json\/wp\/v2\/types\/post"}],"author":[{"embeddable":true,"href":"https:\/\/digitalyacht.es\/blog\/wp-json\/wp\/v2\/users\/3"}],"replies":[{"embeddable":true,"href":"https:\/\/digitalyacht.es\/blog\/wp-json\/wp\/v2\/comments?post=11529"}],"version-history":[{"count":9,"href":"https:\/\/digitalyacht.es\/blog\/wp-json\/wp\/v2\/posts\/11529\/revisions"}],"predecessor-version":[{"id":11542,"href":"https:\/\/digitalyacht.es\/blog\/wp-json\/wp\/v2\/posts\/11529\/revisions\/11542"}],"wp:featuredmedia":[{"embeddable":true,"href":"https:\/\/digitalyacht.es\/blog\/wp-json\/wp\/v2\/media\/11530"}],"wp:attachment":[{"href":"https:\/\/digitalyacht.es\/blog\/wp-json\/wp\/v2\/media?parent=11529"}],"wp:term":[{"taxonomy":"category","embeddable":true,"href":"https:\/\/digitalyacht.es\/blog\/wp-json\/wp\/v2\/categories?post=11529"},{"taxonomy":"post_tag","embeddable":true,"href":"https:\/\/digitalyacht.es\/blog\/wp-json\/wp\/v2\/tags?post=11529"}],"curies":[{"name":"wp","href":"https:\/\/api.w.org\/{rel}","templated":true}]}}