{"id":12085,"date":"2024-09-11T15:56:34","date_gmt":"2024-09-11T13:56:34","guid":{"rendered":"https:\/\/digitalyacht.es\/blog\/?p=12085"},"modified":"2024-09-11T15:56:37","modified_gmt":"2024-09-11T13:56:37","slug":"digital-yacht-en-la-feria-nautica-de-genova-2024","status":"publish","type":"post","link":"https:\/\/digitalyacht.es\/blog\/2024\/09\/11\/digital-yacht-en-la-feria-nautica-de-genova-2024\/","title":{"rendered":"Digital Yacht en la feria n\u00e1utica de G\u00e9nova 2024"},"content":{"rendered":"\n<figure class=\"wp-block-image size-large\"><img  loading=\"lazy\"  decoding=\"async\"  width=\"1024\"  height=\"512\"  src=\"data:image\/png;base64,iVBORw0KGgoAAAANSUhEUgAABAAAAAIAAQMAAAAmA4z6AAAAA1BMVEUAAP+KeNJXAAAAAXRSTlMAQObYZgAAAAlwSFlzAAAOxAAADsQBlSsOGwAAAFZJREFUeNrtwQEBAAAAgiD\/r25IQAEAAAAAAAAAAAAAAAAAAAAAAAAAAAAAAAAAAAAAAAAAAAAAAAAAAAAAAAAAAAAAAAAAAAAAAAAAAAAAAAAAAADvBgIPAAGwqQ4MAAAAAElFTkSuQmCC\"  alt=\"\"  class=\"wp-image-12096 pk-lazyload\"  data-pk-sizes=\"auto\"  data-ls-sizes=\"auto, (max-width: 1024px) 100vw, 1024px\"  data-pk-src=\"https:\/\/digitalyacht.es\/blog\/wp-content\/uploads\/2024\/09\/genoa-en-1080-x-540-1024x512.jpg\"  data-pk-srcset=\"https:\/\/digitalyacht.es\/blog\/wp-content\/uploads\/2024\/09\/genoa-en-1080-x-540-1024x512.jpg 1024w, https:\/\/digitalyacht.es\/blog\/wp-content\/uploads\/2024\/09\/genoa-en-1080-x-540-300x150.jpg 300w, https:\/\/digitalyacht.es\/blog\/wp-content\/uploads\/2024\/09\/genoa-en-1080-x-540-768x384.jpg 768w, https:\/\/digitalyacht.es\/blog\/wp-content\/uploads\/2024\/09\/genoa-en-1080-x-540-380x190.jpg 380w, https:\/\/digitalyacht.es\/blog\/wp-content\/uploads\/2024\/09\/genoa-en-1080-x-540-550x275.jpg 550w, https:\/\/digitalyacht.es\/blog\/wp-content\/uploads\/2024\/09\/genoa-en-1080-x-540-800x400.jpg 800w, https:\/\/digitalyacht.es\/blog\/wp-content\/uploads\/2024\/09\/genoa-en-1080-x-540.jpg 1080w\" ><\/figure>\n\n\n\n<p>Nos alegramos de anunciar nuestra participaci\u00f3n en el pr\u00f3ximo <strong>Sal\u00f3n N\u00e1utico de G\u00e9nova 2024<\/strong> del<strong> 19 al 24 de septiembre de 2024<\/strong>, donde expondremos nuestra gama de <strong>Internet a bordo<\/strong> junto con nuestro colaborador italiano <strong><a href=\"https:\/\/www.trem.net\/\" target=\"_blank\" rel=\"noreferrer noopener\">TREM.<\/a><\/strong><\/p>\n\n\n\n<p>Venga a visitarnos a la feria n\u00e1utica de G\u00e9nova,<strong> stand TD06<\/strong> y descubra nuestras <strong><a href=\"https:\/\/digitalyacht.es\/categoria-producto\/internet-a-bordo\/internet-4g\/\" target=\"_blank\" rel=\"noreferrer noopener\">soluciones de Internet para barcos<\/a><\/strong>. <\/p>\n\n\n\n<p>Muchos de nuestros clientes quieren tener acceso a Internet cuando est\u00e1n navegando. Poder teletrabajar, ver una pel\u00edcula de Netflix con la familia, descargar los ultimos archivos meteorol\u00f3gicos, etc. puede mejorar considerablemente la experiencia de navegaci\u00f3n para todos. Esto es posible con los <strong>routers 4G Connect Pro y 4G Xtream<\/strong> de Digital Yacht, con los que podr\u00e1s mantenerte conectado hasta a 25 millas de la costa.<\/p>\n\n\n\n<div class=\"wp-block-columns are-vertically-aligned-center is-layout-flex wp-container-core-columns-is-layout-9d6595d7 wp-block-columns-is-layout-flex\">\n<div class=\"wp-block-column is-vertically-aligned-center is-layout-flow wp-block-column-is-layout-flow\" style=\"flex-basis:66.66%\">\n<h4 class=\"wp-block-heading\">4G Connect Pro<\/h4>\n\n\n\n<p>El <strong><a href=\"https:\/\/digitalyacht.es\/producto\/4g-connect-pro\/\" target=\"_blank\" rel=\"noreferrer noopener\">4G Connect Pro<\/a><\/strong> es nuestro router 4G b\u00e1sico para barcos. Es un m\u00f3dem Cat 4 que proporciona una conexi\u00f3n a Internet de hasta 70 Mb\/s. Est\u00e1 equipado con una ranura SIM y dos antenas externas que permiten conectarse a Internet hasta 25 millas de la costa. <\/p>\n\n\n\n<h4 class=\"wp-block-heading\">4G Xtream<\/h4>\n\n\n\n<p>El <strong><a href=\"https:\/\/digitalyacht.es\/producto\/4g-xtream\/\" target=\"_blank\" rel=\"noreferrer noopener\">4G Xtream<\/a><\/strong> es nuestra soluci\u00f3n premium de Internet 4G. Ofrece una conexi\u00f3n a Internet de hasta 300 MB\/s. Tambi\u00e9n cuenta con un GPS integrado, que permite configurar una alarma de fondeo, y una interfaz NMEA 2000 para enviar datos de navegaci\u00f3n de forma inal\u00e1mbrica a tablets y iPads. <\/p>\n<\/div>\n\n\n\n<div class=\"wp-block-column is-vertically-aligned-center is-layout-flow wp-block-column-is-layout-flow\" style=\"flex-basis:33.33%\"><div class=\"wp-block-image\">\n<figure class=\"aligncenter size-large is-resized\"><a href=\"https:\/\/digitalyacht.es\/categoria-producto\/internet-a-bordo\/internet-4g\/\" target=\"_blank\" rel=\"noreferrer noopener\"><img  loading=\"lazy\"  decoding=\"async\"  width=\"793\"  height=\"1024\"  src=\"data:image\/png;base64,iVBORw0KGgoAAAANSUhEUgAAAAEAAAABAQMAAAAl21bKAAAAA1BMVEUAAP+KeNJXAAAAAXRSTlMAQObYZgAAAAlwSFlzAAAOxAAADsQBlSsOGwAAAApJREFUCNdjYAAAAAIAAeIhvDMAAAAASUVORK5CYII=\"  alt=\"\"  class=\"wp-image-12089 pk-lazyload\"  style=\"width:274px;height:auto\"  data-pk-sizes=\"auto\"  data-ls-sizes=\"auto, (max-width: 793px) 100vw, 793px\"  data-pk-src=\"https:\/\/digitalyacht.es\/blog\/wp-content\/uploads\/2024\/09\/4g-ita-793x1024.jpg\"  data-pk-srcset=\"https:\/\/digitalyacht.es\/blog\/wp-content\/uploads\/2024\/09\/4g-ita-793x1024.jpg 793w, https:\/\/digitalyacht.es\/blog\/wp-content\/uploads\/2024\/09\/4g-ita-232x300.jpg 232w, https:\/\/digitalyacht.es\/blog\/wp-content\/uploads\/2024\/09\/4g-ita-768x992.jpg 768w, https:\/\/digitalyacht.es\/blog\/wp-content\/uploads\/2024\/09\/4g-ita-380x491.jpg 380w, https:\/\/digitalyacht.es\/blog\/wp-content\/uploads\/2024\/09\/4g-ita-550x711.jpg 550w, https:\/\/digitalyacht.es\/blog\/wp-content\/uploads\/2024\/09\/4g-ita-800x1033.jpg 800w, https:\/\/digitalyacht.es\/blog\/wp-content\/uploads\/2024\/09\/4g-ita.jpg 836w\" ><\/a><\/figure>\n<\/div><\/div>\n<\/div>\n\n\n\n<h5 class=\"wp-block-heading has-text-align-center\">RECORDATORIOS<\/h5>\n\n\n\n<p class=\"has-text-align-center\">&#x1f4c6; Sal\u00f3n N\u00e1utico de G\u00e9nova, del 19 al 24 de septiembre de 2024<br><br>&#x1f4cd; Digital Yacht exponiendo con TREM, stand TD06<\/p>\n","protected":false},"excerpt":{"rendered":"Nos alegramos de anunciar nuestra participaci\u00f3n en el pr\u00f3ximo Sal\u00f3n N\u00e1utico de G\u00e9nova 2024 del 19 al 24&hellip;\n","protected":false},"author":3,"featured_media":12096,"comment_status":"closed","ping_status":"closed","sticky":false,"template":"","format":"standard","meta":{"iawp_total_views":0,"csco_singular_sidebar":"","csco_page_header_type":"","csco_appearance_masonry":"","csco_page_load_nextpost":"","csco_post_subtitle":"","csco_post_video_location":[],"csco_post_video_location_hash":"","csco_post_video_url":"","csco_post_video_bg_start_time":0,"csco_post_video_bg_end_time":0,"footnotes":""},"categories":[178],"tags":[630,629,628],"class_list":{"0":"post-12085","1":"post","2":"type-post","3":"status-publish","4":"format-standard","5":"has-post-thumbnail","7":"category-news","8":"tag-digital-yacht-genoa-boat-show","9":"tag-electronica-marina-genova","10":"tag-feria-nautica-de-genova-2024","11":"cs-entry","12":"cs-video-wrap"},"yoast_head":"<!-- This site is optimized with the Yoast SEO plugin v27.3 - https:\/\/yoast.com\/product\/yoast-seo-wordpress\/ -->\n<title>Electr\u00f3nica marina Digital Yacht en la feria n\u00e1utica de G\u00e9nova 2024<\/title>\n<meta name=\"description\" content=\"Descubra la electr\u00f3nica para barcos Digital Yacht en la feria n\u00e1utica de G\u00e9nova 2024. Vis\u00edtenos en el stand TD06 con TREM.\" \/>\n<meta name=\"robots\" content=\"index, follow, max-snippet:-1, max-image-preview:large, max-video-preview:-1\" \/>\n<link rel=\"canonical\" href=\"https:\/\/digitalyacht.es\/blog\/2024\/09\/11\/digital-yacht-en-la-feria-nautica-de-genova-2024\/\" \/>\n<meta property=\"og:locale\" content=\"es_ES\" \/>\n<meta property=\"og:type\" content=\"article\" \/>\n<meta property=\"og:title\" content=\"Electr\u00f3nica marina Digital Yacht en la feria n\u00e1utica de G\u00e9nova 2024\" \/>\n<meta property=\"og:description\" content=\"Descubra la electr\u00f3nica para barcos Digital Yacht en la feria n\u00e1utica de G\u00e9nova 2024. Vis\u00edtenos en el stand TD06 con TREM.\" \/>\n<meta property=\"og:url\" content=\"https:\/\/digitalyacht.es\/blog\/2024\/09\/11\/digital-yacht-en-la-feria-nautica-de-genova-2024\/\" \/>\n<meta property=\"og:site_name\" content=\"Digital Yacht Spanish Blog\" \/>\n<meta property=\"article:published_time\" content=\"2024-09-11T13:56:34+00:00\" \/>\n<meta property=\"article:modified_time\" content=\"2024-09-11T13:56:37+00:00\" \/>\n<meta property=\"og:image\" content=\"https:\/\/digitalyacht.es\/blog\/wp-content\/uploads\/2024\/09\/genoa-en-1080-x-540.jpg\" \/>\n\t<meta property=\"og:image:width\" content=\"1080\" \/>\n\t<meta property=\"og:image:height\" content=\"540\" \/>\n\t<meta property=\"og:image:type\" content=\"image\/jpeg\" \/>\n<meta name=\"author\" content=\"Ga\u00eblle Rodriguez\" \/>\n<meta name=\"twitter:card\" content=\"summary_large_image\" \/>\n<meta name=\"twitter:label1\" content=\"Escrito por\" \/>\n\t<meta name=\"twitter:data1\" content=\"Ga\u00eblle Rodriguez\" \/>\n\t<meta name=\"twitter:label2\" content=\"Tiempo de lectura\" \/>\n\t<meta name=\"twitter:data2\" content=\"2 minutos\" \/>\n<script type=\"application\/ld+json\" class=\"yoast-schema-graph\">{\"@context\":\"https:\\\/\\\/schema.org\",\"@graph\":[{\"@type\":\"Article\",\"@id\":\"https:\\\/\\\/digitalyacht.es\\\/blog\\\/2024\\\/09\\\/11\\\/digital-yacht-en-la-feria-nautica-de-genova-2024\\\/#article\",\"isPartOf\":{\"@id\":\"https:\\\/\\\/digitalyacht.es\\\/blog\\\/2024\\\/09\\\/11\\\/digital-yacht-en-la-feria-nautica-de-genova-2024\\\/\"},\"author\":{\"name\":\"Ga\u00eblle Rodriguez\",\"@id\":\"https:\\\/\\\/digitalyacht.es\\\/blog\\\/#\\\/schema\\\/person\\\/5229cdcb87c8101d5b6423f9ac334637\"},\"headline\":\"Digital Yacht en la feria n\u00e1utica de G\u00e9nova 2024\",\"datePublished\":\"2024-09-11T13:56:34+00:00\",\"dateModified\":\"2024-09-11T13:56:37+00:00\",\"mainEntityOfPage\":{\"@id\":\"https:\\\/\\\/digitalyacht.es\\\/blog\\\/2024\\\/09\\\/11\\\/digital-yacht-en-la-feria-nautica-de-genova-2024\\\/\"},\"wordCount\":269,\"image\":{\"@id\":\"https:\\\/\\\/digitalyacht.es\\\/blog\\\/2024\\\/09\\\/11\\\/digital-yacht-en-la-feria-nautica-de-genova-2024\\\/#primaryimage\"},\"thumbnailUrl\":\"https:\\\/\\\/digitalyacht.es\\\/blog\\\/wp-content\\\/uploads\\\/2024\\\/09\\\/genoa-en-1080-x-540.jpg\",\"keywords\":[\"digital yacht genoa boat show\",\"electronica marina genova\",\"feria nautica de genova 2024\"],\"articleSection\":[\"Noticias\"],\"inLanguage\":\"es\"},{\"@type\":\"WebPage\",\"@id\":\"https:\\\/\\\/digitalyacht.es\\\/blog\\\/2024\\\/09\\\/11\\\/digital-yacht-en-la-feria-nautica-de-genova-2024\\\/\",\"url\":\"https:\\\/\\\/digitalyacht.es\\\/blog\\\/2024\\\/09\\\/11\\\/digital-yacht-en-la-feria-nautica-de-genova-2024\\\/\",\"name\":\"Electr\u00f3nica marina Digital Yacht en la feria n\u00e1utica de G\u00e9nova 2024\",\"isPartOf\":{\"@id\":\"https:\\\/\\\/digitalyacht.es\\\/blog\\\/#website\"},\"primaryImageOfPage\":{\"@id\":\"https:\\\/\\\/digitalyacht.es\\\/blog\\\/2024\\\/09\\\/11\\\/digital-yacht-en-la-feria-nautica-de-genova-2024\\\/#primaryimage\"},\"image\":{\"@id\":\"https:\\\/\\\/digitalyacht.es\\\/blog\\\/2024\\\/09\\\/11\\\/digital-yacht-en-la-feria-nautica-de-genova-2024\\\/#primaryimage\"},\"thumbnailUrl\":\"https:\\\/\\\/digitalyacht.es\\\/blog\\\/wp-content\\\/uploads\\\/2024\\\/09\\\/genoa-en-1080-x-540.jpg\",\"datePublished\":\"2024-09-11T13:56:34+00:00\",\"dateModified\":\"2024-09-11T13:56:37+00:00\",\"author\":{\"@id\":\"https:\\\/\\\/digitalyacht.es\\\/blog\\\/#\\\/schema\\\/person\\\/5229cdcb87c8101d5b6423f9ac334637\"},\"description\":\"Descubra la electr\u00f3nica para barcos Digital Yacht en la feria n\u00e1utica de G\u00e9nova 2024. Vis\u00edtenos en el stand TD06 con TREM.\",\"breadcrumb\":{\"@id\":\"https:\\\/\\\/digitalyacht.es\\\/blog\\\/2024\\\/09\\\/11\\\/digital-yacht-en-la-feria-nautica-de-genova-2024\\\/#breadcrumb\"},\"inLanguage\":\"es\",\"potentialAction\":[{\"@type\":\"ReadAction\",\"target\":[\"https:\\\/\\\/digitalyacht.es\\\/blog\\\/2024\\\/09\\\/11\\\/digital-yacht-en-la-feria-nautica-de-genova-2024\\\/\"]}]},{\"@type\":\"ImageObject\",\"inLanguage\":\"es\",\"@id\":\"https:\\\/\\\/digitalyacht.es\\\/blog\\\/2024\\\/09\\\/11\\\/digital-yacht-en-la-feria-nautica-de-genova-2024\\\/#primaryimage\",\"url\":\"https:\\\/\\\/digitalyacht.es\\\/blog\\\/wp-content\\\/uploads\\\/2024\\\/09\\\/genoa-en-1080-x-540.jpg\",\"contentUrl\":\"https:\\\/\\\/digitalyacht.es\\\/blog\\\/wp-content\\\/uploads\\\/2024\\\/09\\\/genoa-en-1080-x-540.jpg\",\"width\":1080,\"height\":540,\"caption\":\"digital yacht en la feria n\u00e1utica de g\u00e9nova 2024\"},{\"@type\":\"BreadcrumbList\",\"@id\":\"https:\\\/\\\/digitalyacht.es\\\/blog\\\/2024\\\/09\\\/11\\\/digital-yacht-en-la-feria-nautica-de-genova-2024\\\/#breadcrumb\",\"itemListElement\":[{\"@type\":\"ListItem\",\"position\":1,\"name\":\"Home\",\"item\":\"https:\\\/\\\/digitalyacht.es\\\/blog\\\/\"},{\"@type\":\"ListItem\",\"position\":2,\"name\":\"Digital Yacht en la feria n\u00e1utica de G\u00e9nova 2024\"}]},{\"@type\":\"WebSite\",\"@id\":\"https:\\\/\\\/digitalyacht.es\\\/blog\\\/#website\",\"url\":\"https:\\\/\\\/digitalyacht.es\\\/blog\\\/\",\"name\":\"Digital Yacht Spanish Blog\",\"description\":\"\",\"potentialAction\":[{\"@type\":\"SearchAction\",\"target\":{\"@type\":\"EntryPoint\",\"urlTemplate\":\"https:\\\/\\\/digitalyacht.es\\\/blog\\\/?s={search_term_string}\"},\"query-input\":{\"@type\":\"PropertyValueSpecification\",\"valueRequired\":true,\"valueName\":\"search_term_string\"}}],\"inLanguage\":\"es\"},{\"@type\":\"Person\",\"@id\":\"https:\\\/\\\/digitalyacht.es\\\/blog\\\/#\\\/schema\\\/person\\\/5229cdcb87c8101d5b6423f9ac334637\",\"name\":\"Ga\u00eblle Rodriguez\",\"image\":{\"@type\":\"ImageObject\",\"inLanguage\":\"es\",\"@id\":\"https:\\\/\\\/secure.gravatar.com\\\/avatar\\\/2918dc7f53a2242b7bc0995fd5871a6ba4017cde7159a1588e2dc57042be73a2?s=96&d=mm&r=g\",\"url\":\"https:\\\/\\\/secure.gravatar.com\\\/avatar\\\/2918dc7f53a2242b7bc0995fd5871a6ba4017cde7159a1588e2dc57042be73a2?s=96&d=mm&r=g\",\"contentUrl\":\"https:\\\/\\\/secure.gravatar.com\\\/avatar\\\/2918dc7f53a2242b7bc0995fd5871a6ba4017cde7159a1588e2dc57042be73a2?s=96&d=mm&r=g\",\"caption\":\"Ga\u00eblle Rodriguez\"},\"url\":\"https:\\\/\\\/digitalyacht.es\\\/blog\\\/author\\\/gaelle-rodriguez\\\/\"}]}<\/script>\n<!-- \/ Yoast SEO plugin. -->","yoast_head_json":{"title":"Electr\u00f3nica marina Digital Yacht en la feria n\u00e1utica de G\u00e9nova 2024","description":"Descubra la electr\u00f3nica para barcos Digital Yacht en la feria n\u00e1utica de G\u00e9nova 2024. Vis\u00edtenos en el stand TD06 con TREM.","robots":{"index":"index","follow":"follow","max-snippet":"max-snippet:-1","max-image-preview":"max-image-preview:large","max-video-preview":"max-video-preview:-1"},"canonical":"https:\/\/digitalyacht.es\/blog\/2024\/09\/11\/digital-yacht-en-la-feria-nautica-de-genova-2024\/","og_locale":"es_ES","og_type":"article","og_title":"Electr\u00f3nica marina Digital Yacht en la feria n\u00e1utica de G\u00e9nova 2024","og_description":"Descubra la electr\u00f3nica para barcos Digital Yacht en la feria n\u00e1utica de G\u00e9nova 2024. Vis\u00edtenos en el stand TD06 con TREM.","og_url":"https:\/\/digitalyacht.es\/blog\/2024\/09\/11\/digital-yacht-en-la-feria-nautica-de-genova-2024\/","og_site_name":"Digital Yacht Spanish Blog","article_published_time":"2024-09-11T13:56:34+00:00","article_modified_time":"2024-09-11T13:56:37+00:00","og_image":[{"width":1080,"height":540,"url":"https:\/\/digitalyacht.es\/blog\/wp-content\/uploads\/2024\/09\/genoa-en-1080-x-540.jpg","type":"image\/jpeg"}],"author":"Ga\u00eblle Rodriguez","twitter_card":"summary_large_image","twitter_misc":{"Escrito por":"Ga\u00eblle Rodriguez","Tiempo de lectura":"2 minutos"},"schema":{"@context":"https:\/\/schema.org","@graph":[{"@type":"Article","@id":"https:\/\/digitalyacht.es\/blog\/2024\/09\/11\/digital-yacht-en-la-feria-nautica-de-genova-2024\/#article","isPartOf":{"@id":"https:\/\/digitalyacht.es\/blog\/2024\/09\/11\/digital-yacht-en-la-feria-nautica-de-genova-2024\/"},"author":{"name":"Ga\u00eblle Rodriguez","@id":"https:\/\/digitalyacht.es\/blog\/#\/schema\/person\/5229cdcb87c8101d5b6423f9ac334637"},"headline":"Digital Yacht en la feria n\u00e1utica de G\u00e9nova 2024","datePublished":"2024-09-11T13:56:34+00:00","dateModified":"2024-09-11T13:56:37+00:00","mainEntityOfPage":{"@id":"https:\/\/digitalyacht.es\/blog\/2024\/09\/11\/digital-yacht-en-la-feria-nautica-de-genova-2024\/"},"wordCount":269,"image":{"@id":"https:\/\/digitalyacht.es\/blog\/2024\/09\/11\/digital-yacht-en-la-feria-nautica-de-genova-2024\/#primaryimage"},"thumbnailUrl":"https:\/\/digitalyacht.es\/blog\/wp-content\/uploads\/2024\/09\/genoa-en-1080-x-540.jpg","keywords":["digital yacht genoa boat show","electronica marina genova","feria nautica de genova 2024"],"articleSection":["Noticias"],"inLanguage":"es"},{"@type":"WebPage","@id":"https:\/\/digitalyacht.es\/blog\/2024\/09\/11\/digital-yacht-en-la-feria-nautica-de-genova-2024\/","url":"https:\/\/digitalyacht.es\/blog\/2024\/09\/11\/digital-yacht-en-la-feria-nautica-de-genova-2024\/","name":"Electr\u00f3nica marina Digital Yacht en la feria n\u00e1utica de G\u00e9nova 2024","isPartOf":{"@id":"https:\/\/digitalyacht.es\/blog\/#website"},"primaryImageOfPage":{"@id":"https:\/\/digitalyacht.es\/blog\/2024\/09\/11\/digital-yacht-en-la-feria-nautica-de-genova-2024\/#primaryimage"},"image":{"@id":"https:\/\/digitalyacht.es\/blog\/2024\/09\/11\/digital-yacht-en-la-feria-nautica-de-genova-2024\/#primaryimage"},"thumbnailUrl":"https:\/\/digitalyacht.es\/blog\/wp-content\/uploads\/2024\/09\/genoa-en-1080-x-540.jpg","datePublished":"2024-09-11T13:56:34+00:00","dateModified":"2024-09-11T13:56:37+00:00","author":{"@id":"https:\/\/digitalyacht.es\/blog\/#\/schema\/person\/5229cdcb87c8101d5b6423f9ac334637"},"description":"Descubra la electr\u00f3nica para barcos Digital Yacht en la feria n\u00e1utica de G\u00e9nova 2024. Vis\u00edtenos en el stand TD06 con TREM.","breadcrumb":{"@id":"https:\/\/digitalyacht.es\/blog\/2024\/09\/11\/digital-yacht-en-la-feria-nautica-de-genova-2024\/#breadcrumb"},"inLanguage":"es","potentialAction":[{"@type":"ReadAction","target":["https:\/\/digitalyacht.es\/blog\/2024\/09\/11\/digital-yacht-en-la-feria-nautica-de-genova-2024\/"]}]},{"@type":"ImageObject","inLanguage":"es","@id":"https:\/\/digitalyacht.es\/blog\/2024\/09\/11\/digital-yacht-en-la-feria-nautica-de-genova-2024\/#primaryimage","url":"https:\/\/digitalyacht.es\/blog\/wp-content\/uploads\/2024\/09\/genoa-en-1080-x-540.jpg","contentUrl":"https:\/\/digitalyacht.es\/blog\/wp-content\/uploads\/2024\/09\/genoa-en-1080-x-540.jpg","width":1080,"height":540,"caption":"digital yacht en la feria n\u00e1utica de g\u00e9nova 2024"},{"@type":"BreadcrumbList","@id":"https:\/\/digitalyacht.es\/blog\/2024\/09\/11\/digital-yacht-en-la-feria-nautica-de-genova-2024\/#breadcrumb","itemListElement":[{"@type":"ListItem","position":1,"name":"Home","item":"https:\/\/digitalyacht.es\/blog\/"},{"@type":"ListItem","position":2,"name":"Digital Yacht en la feria n\u00e1utica de G\u00e9nova 2024"}]},{"@type":"WebSite","@id":"https:\/\/digitalyacht.es\/blog\/#website","url":"https:\/\/digitalyacht.es\/blog\/","name":"Digital Yacht Spanish Blog","description":"","potentialAction":[{"@type":"SearchAction","target":{"@type":"EntryPoint","urlTemplate":"https:\/\/digitalyacht.es\/blog\/?s={search_term_string}"},"query-input":{"@type":"PropertyValueSpecification","valueRequired":true,"valueName":"search_term_string"}}],"inLanguage":"es"},{"@type":"Person","@id":"https:\/\/digitalyacht.es\/blog\/#\/schema\/person\/5229cdcb87c8101d5b6423f9ac334637","name":"Ga\u00eblle Rodriguez","image":{"@type":"ImageObject","inLanguage":"es","@id":"https:\/\/secure.gravatar.com\/avatar\/2918dc7f53a2242b7bc0995fd5871a6ba4017cde7159a1588e2dc57042be73a2?s=96&d=mm&r=g","url":"https:\/\/secure.gravatar.com\/avatar\/2918dc7f53a2242b7bc0995fd5871a6ba4017cde7159a1588e2dc57042be73a2?s=96&d=mm&r=g","contentUrl":"https:\/\/secure.gravatar.com\/avatar\/2918dc7f53a2242b7bc0995fd5871a6ba4017cde7159a1588e2dc57042be73a2?s=96&d=mm&r=g","caption":"Ga\u00eblle Rodriguez"},"url":"https:\/\/digitalyacht.es\/blog\/author\/gaelle-rodriguez\/"}]}},"_links":{"self":[{"href":"https:\/\/digitalyacht.es\/blog\/wp-json\/wp\/v2\/posts\/12085","targetHints":{"allow":["GET"]}}],"collection":[{"href":"https:\/\/digitalyacht.es\/blog\/wp-json\/wp\/v2\/posts"}],"about":[{"href":"https:\/\/digitalyacht.es\/blog\/wp-json\/wp\/v2\/types\/post"}],"author":[{"embeddable":true,"href":"https:\/\/digitalyacht.es\/blog\/wp-json\/wp\/v2\/users\/3"}],"replies":[{"embeddable":true,"href":"https:\/\/digitalyacht.es\/blog\/wp-json\/wp\/v2\/comments?post=12085"}],"version-history":[{"count":9,"href":"https:\/\/digitalyacht.es\/blog\/wp-json\/wp\/v2\/posts\/12085\/revisions"}],"predecessor-version":[{"id":12097,"href":"https:\/\/digitalyacht.es\/blog\/wp-json\/wp\/v2\/posts\/12085\/revisions\/12097"}],"wp:featuredmedia":[{"embeddable":true,"href":"https:\/\/digitalyacht.es\/blog\/wp-json\/wp\/v2\/media\/12096"}],"wp:attachment":[{"href":"https:\/\/digitalyacht.es\/blog\/wp-json\/wp\/v2\/media?parent=12085"}],"wp:term":[{"taxonomy":"category","embeddable":true,"href":"https:\/\/digitalyacht.es\/blog\/wp-json\/wp\/v2\/categories?post=12085"},{"taxonomy":"post_tag","embeddable":true,"href":"https:\/\/digitalyacht.es\/blog\/wp-json\/wp\/v2\/tags?post=12085"}],"curies":[{"name":"wp","href":"https:\/\/api.w.org\/{rel}","templated":true}]}}